{"id":200,"date":"2018-12-30T13:53:16","date_gmt":"2018-12-30T13:53:16","guid":{"rendered":"http:\/\/cafe2.dlask.cz\/?p=200"},"modified":"2018-12-30T13:53:16","modified_gmt":"2018-12-30T13:53:16","slug":"vanocni-dovolena-od-10-12-2018-do-18-1-2019","status":"publish","type":"post","link":"https:\/\/cafe2.dlask.cz\/?p=200","title":{"rendered":"V\u00e1no\u010dn\u00ed dovolen\u00e1  od 10.12.2018 do 18.1. 2019"},"content":{"rendered":"<h1>P\u0159ejeme v\u0161em z\u00e1kazn\u00edk\u016fm<\/h1>\n<h1>Vesel\u00e9 V\u00e1noce<\/h1>\n<h1>a \u0161\u0165astn\u00fd nov\u00fd rok.<\/h1>\n<p>&nbsp;<\/p>\n<h2><strong>Znovu otev\u0159eme v sobotu 19.1.2019.<\/strong><\/h2>\n","protected":false},"excerpt":{"rendered":"<p>P\u0159ejeme v\u0161em z\u00e1kazn\u00edk\u016fm Vesel\u00e9 V\u00e1noce a \u0161\u0165astn\u00fd nov\u00fd rok. &nbsp; Znovu otev\u0159eme v sobotu 19.1.2019.<\/p>\n","protected":false},"author":2,"featured_media":0,"comment_status":"closed","ping_status":"closed","sticky":false,"template":"","format":"standard","meta":{"footnotes":""},"categories":[1],"tags":[],"_links":{"self":[{"href":"https:\/\/cafe2.dlask.cz\/index.php?rest_route=\/wp\/v2\/posts\/200"}],"collection":[{"href":"https:\/\/cafe2.dlask.cz\/index.php?rest_route=\/wp\/v2\/posts"}],"about":[{"href":"https:\/\/cafe2.dlask.cz\/index.php?rest_route=\/wp\/v2\/types\/post"}],"author":[{"embeddable":true,"href":"https:\/\/cafe2.dlask.cz\/index.php?rest_route=\/wp\/v2\/users\/2"}],"replies":[{"embeddable":true,"href":"https:\/\/cafe2.dlask.cz\/index.php?rest_route=%2Fwp%2Fv2%2Fcomments&post=200"}],"version-history":[{"count":2,"href":"https:\/\/cafe2.dlask.cz\/index.php?rest_route=\/wp\/v2\/posts\/200\/revisions"}],"predecessor-version":[{"id":202,"href":"https:\/\/cafe2.dlask.cz\/index.php?rest_route=\/wp\/v2\/posts\/200\/revisions\/202"}],"wp:attachment":[{"href":"https:\/\/cafe2.dlask.cz\/index.php?rest_route=%2Fwp%2Fv2%2Fmedia&parent=200"}],"wp:term":[{"taxonomy":"category","embeddable":true,"href":"https:\/\/cafe2.dlask.cz\/index.php?rest_route=%2Fwp%2Fv2%2Fcategories&post=200"},{"taxonomy":"post_tag","embeddable":true,"href":"https:\/\/cafe2.dlask.cz\/index.php?rest_route=%2Fwp%2Fv2%2Ftags&post=200"}],"curies":[{"name":"wp","href":"https:\/\/api.w.org\/{rel}","templated":true}]}}