{"id":183,"date":"2014-06-08T15:38:39","date_gmt":"2014-06-08T15:38:39","guid":{"rendered":"http:\/\/cafe2.dlask.cz\/?p=183"},"modified":"2014-06-08T15:38:39","modified_gmt":"2014-06-08T15:38:39","slug":"nabizime-ubytovani","status":"publish","type":"post","link":"https:\/\/cafe2.dlask.cz\/?p=183","title":{"rendered":"Nab\u00edz\u00edme ubytov\u00e1n\u00ed"},"content":{"rendered":"<p>Nov\u011b nab\u00edz\u00edme ubytov\u00e1n\u00ed pln\u011b vybaven\u00e9m apartm\u00e1nu. V\u00edce informac\u00ed na str\u00e1nce <a title=\"Ubytov\u00e1n\u00ed\" href=\"https:\/\/cafe2.dlask.cz\/?page_id=173\">Ubytov\u00e1n\u00ed<\/a>.<\/p>\n","protected":false},"excerpt":{"rendered":"<p>Nov\u011b nab\u00edz\u00edme ubytov\u00e1n\u00ed pln\u011b vybaven\u00e9m apartm\u00e1nu. V\u00edce informac\u00ed na str\u00e1nce Ubytov\u00e1n\u00ed.<\/p>\n","protected":false},"author":1,"featured_media":0,"comment_status":"closed","ping_status":"closed","sticky":false,"template":"","format":"standard","meta":{"footnotes":""},"categories":[1],"tags":[],"_links":{"self":[{"href":"https:\/\/cafe2.dlask.cz\/index.php?rest_route=\/wp\/v2\/posts\/183"}],"collection":[{"href":"https:\/\/cafe2.dlask.cz\/index.php?rest_route=\/wp\/v2\/posts"}],"about":[{"href":"https:\/\/cafe2.dlask.cz\/index.php?rest_route=\/wp\/v2\/types\/post"}],"author":[{"embeddable":true,"href":"https:\/\/cafe2.dlask.cz\/index.php?rest_route=\/wp\/v2\/users\/1"}],"replies":[{"embeddable":true,"href":"https:\/\/cafe2.dlask.cz\/index.php?rest_route=%2Fwp%2Fv2%2Fcomments&post=183"}],"version-history":[{"count":1,"href":"https:\/\/cafe2.dlask.cz\/index.php?rest_route=\/wp\/v2\/posts\/183\/revisions"}],"predecessor-version":[{"id":184,"href":"https:\/\/cafe2.dlask.cz\/index.php?rest_route=\/wp\/v2\/posts\/183\/revisions\/184"}],"wp:attachment":[{"href":"https:\/\/cafe2.dlask.cz\/index.php?rest_route=%2Fwp%2Fv2%2Fmedia&parent=183"}],"wp:term":[{"taxonomy":"category","embeddable":true,"href":"https:\/\/cafe2.dlask.cz\/index.php?rest_route=%2Fwp%2Fv2%2Fcategories&post=183"},{"taxonomy":"post_tag","embeddable":true,"href":"https:\/\/cafe2.dlask.cz\/index.php?rest_route=%2Fwp%2Fv2%2Ftags&post=183"}],"curies":[{"name":"wp","href":"https:\/\/api.w.org\/{rel}","templated":true}]}}